{"id":6095,"date":"2023-11-06T11:10:17","date_gmt":"2023-11-06T10:10:17","guid":{"rendered":"https:\/\/healthmag.al\/?p=6095"},"modified":"2023-11-06T11:10:17","modified_gmt":"2023-11-06T10:10:17","slug":"konferenca-nderkombetare-ballkanike-per-autizmin-arsyet-pse-duhet-te-merrni-pjese","status":"publish","type":"post","link":"https:\/\/healthmag.al\/index.php\/2023\/11\/06\/konferenca-nderkombetare-ballkanike-per-autizmin-arsyet-pse-duhet-te-merrni-pjese\/","title":{"rendered":"&#8220;Konferenca Nd\u00ebrkomb\u00ebtare Ballkanike p\u00ebr Autizmin\u201d, arsyet pse duhet t\u00eb merrni pjes\u00eb"},"content":{"rendered":"<p><span data-contrast=\"auto\">N\u00eb nj\u00eb bot\u00eb q\u00eb po p\u00ebrqafon gjithnj\u00eb e m\u00eb shum\u00eb diversitetin dhe gjith\u00ebp\u00ebrfshirjen, Konferenca e ardhshme e 7-t\u00eb Nd\u00ebrkomb\u00ebtare Ballkanike mbi Autizmin do t\u00eb jet\u00eb i mbushur me programe edukative\/njohurie dhe ndryshimi pozitiv. E planifikuar p\u00ebr n\u00eb datat 10-11 n\u00ebntor 2023, n\u00eb Fakultetin e Mjek\u00ebsis\u00eb, n\u00eb Tiran\u00eb, kjo konferenc\u00eb \u00ebsht\u00eb vendosur t\u00eb frym\u00ebzoj\u00eb, edukoj\u00eb dhe fuqizoj\u00eb pjes\u00ebmarr\u00ebsit n\u00eb rrug\u00ebtimin e tyre p\u00ebr t\u00eb kuptuar dhe mb\u00ebshtetur m\u00eb mir\u00eb individ\u00ebt n\u00eb spektrin e autizmit.<\/span><span data-ccp-props=\"{&quot;201341983&quot;:0,&quot;335559739&quot;:160,&quot;335559740&quot;:360}\">\u00a0<\/span><\/p>\n<p><span data-contrast=\"auto\">Autizmi, nj\u00eb \u00e7rregullim neurozhvillues, prek miliona njer\u00ebz n\u00eb mbar\u00eb globin. Konferenca e 7-t\u00eb Nd\u00ebrkomb\u00ebtare Ballkanike p\u00ebr Autizmin synon t\u00eb mbledh\u00eb s\u00eb bashku profesionist\u00eb dhe entuziast\u00eb p\u00ebr t\u00eb thelluar kuptimin e tyre p\u00ebr autizmin, p\u00ebr t\u00eb eksploruar qasje inovative dhe p\u00ebr t\u00eb p\u00ebrforcuar z\u00ebrat e tyre kolektiv\u00eb p\u00ebr t\u00eb b\u00ebr\u00eb nj\u00eb ndikim t\u00eb q\u00ebndruesh\u00ebm n\u00eb jet\u00ebn e atyre me autiz\u00ebm.<\/span><span data-ccp-props=\"{&quot;201341983&quot;:0,&quot;335559739&quot;:160,&quot;335559740&quot;:360}\">\u00a0<\/span><\/p>\n<blockquote class=\"instagram-media\" style=\"background: #FFF; border: 0; border-radius: 3px; box-shadow: 0 0 1px 0 rgba(0,0,0,0.5),0 1px 10px 0 rgba(0,0,0,0.15); margin: 1px; max-width: 540px; min-width: 326px; padding: 0; width: calc(100% - 2px);\" data-instgrm-captioned=\"\" data-instgrm-permalink=\"https:\/\/www.instagram.com\/reel\/CzJucA9tfO1\/?utm_source=ig_embed&amp;utm_campaign=loading\" data-instgrm-version=\"14\">\n<div style=\"padding: 16px;\">\n<p>&nbsp;<\/p>\n<div style=\"display: flex; flex-direction: row; align-items: center;\">\n<div style=\"background-color: #f4f4f4; border-radius: 50%; flex-grow: 0; height: 40px; margin-right: 14px; width: 40px;\"><\/div>\n<div style=\"display: flex; flex-direction: column; flex-grow: 1; justify-content: center;\">\n<div style=\"background-color: #f4f4f4; border-radius: 4px; flex-grow: 0; height: 14px; margin-bottom: 6px; width: 100px;\"><\/div>\n<div style=\"background-color: #f4f4f4; border-radius: 4px; flex-grow: 0; height: 14px; width: 60px;\"><\/div>\n<\/div>\n<\/div>\n<div style=\"padding: 19% 0;\"><\/div>\n<div style=\"display: block; height: 50px; margin: 0 auto 12px; width: 50px;\"><\/div>\n<div style=\"padding-top: 8px;\">\n<div style=\"color: #3897f0; font-family: Arial,sans-serif; font-size: 14px; font-style: normal; font-weight: 550; line-height: 18px;\">View this post on Instagram<\/div>\n<\/div>\n<div style=\"padding: 12.5% 0;\"><\/div>\n<div style=\"display: flex; flex-direction: row; margin-bottom: 14px; align-items: center;\">\n<div>\n<div style=\"background-color: #f4f4f4; border-radius: 50%; height: 12.5px; width: 12.5px; transform: translateX(0px) translateY(7px);\"><\/div>\n<div style=\"background-color: #f4f4f4; height: 12.5px; transform: rotate(-45deg) translateX(3px) translateY(1px); width: 12.5px; flex-grow: 0; margin-right: 14px; margin-left: 2px;\"><\/div>\n<div style=\"background-color: #f4f4f4; border-radius: 50%; height: 12.5px; width: 12.5px; transform: translateX(9px) translateY(-18px);\"><\/div>\n<\/div>\n<div style=\"margin-left: 8px;\">\n<div style=\"background-color: #f4f4f4; border-radius: 50%; flex-grow: 0; height: 20px; width: 20px;\"><\/div>\n<div style=\"width: 0; height: 0; border-top: 2px solid transparent; border-left: 6px solid #f4f4f4; border-bottom: 2px solid transparent; transform: translateX(16px) translateY(-4px) rotate(30deg);\"><\/div>\n<\/div>\n<div style=\"margin-left: auto;\">\n<div style=\"width: 0px; border-top: 8px solid #F4F4F4; border-right: 8px solid transparent; transform: translateY(16px);\"><\/div>\n<div style=\"background-color: #f4f4f4; flex-grow: 0; height: 12px; width: 16px; transform: translateY(-4px);\"><\/div>\n<div style=\"width: 0; height: 0; border-top: 8px solid #F4F4F4; border-left: 8px solid transparent; transform: translateY(-4px) translateX(8px);\"><\/div>\n<\/div>\n<\/div>\n<div style=\"display: flex; flex-direction: column; flex-grow: 1; justify-content: center; margin-bottom: 24px;\">\n<div style=\"background-color: #f4f4f4; border-radius: 4px; flex-grow: 0; height: 14px; margin-bottom: 6px; width: 224px;\"><\/div>\n<div style=\"background-color: #f4f4f4; border-radius: 4px; flex-grow: 0; height: 14px; width: 144px;\"><\/div>\n<\/div>\n<p>&nbsp;<\/p>\n<p style=\"color: #c9c8cd; font-family: Arial,sans-serif; font-size: 14px; line-height: 17px; margin-bottom: 0; margin-top: 8px; overflow: hidden; padding: 8px 0 7px; text-align: center; text-overflow: ellipsis; white-space: nowrap;\"><a style=\"color: #c9c8cd; font-family: Arial,sans-serif; font-size: 14px; font-style: normal; font-weight: normal; line-height: 17px; text-decoration: none;\" href=\"https:\/\/www.instagram.com\/reel\/CzJucA9tfO1\/?utm_source=ig_embed&amp;utm_campaign=loading\" target=\"_blank\" rel=\"noopener\">A post shared by Akademia Nd\u00ebrkomb\u00ebtare e Nutricionit Klinik (@annukalbania)<\/a><\/p>\n<\/div>\n<\/blockquote>\n<p><script async src=\"\/\/www.instagram.com\/embed.js\"><\/script><\/p>\n<p><b><span data-contrast=\"auto\">Detajet kryesore:<\/span><\/b><span data-ccp-props=\"{&quot;201341983&quot;:0,&quot;335559739&quot;:160,&quot;335559740&quot;:360}\">\u00a0<\/span><\/p>\n<p><span data-contrast=\"auto\">Data: 10-11 n\u00ebntor 2023<\/span><span data-ccp-props=\"{&quot;201341983&quot;:0,&quot;335559739&quot;:160,&quot;335559740&quot;:360}\">\u00a0<\/span><\/p>\n<p><b><span data-contrast=\"auto\">Vendndodhja: <\/span><\/b><span data-contrast=\"auto\">Universiteti i Mjek\u00ebsis\u00eb, Fakulteti i Mjek\u00ebsis\u00eb, Tiran\u00eb<\/span><span data-ccp-props=\"{&quot;201341983&quot;:0,&quot;335559739&quot;:160,&quot;335559740&quot;:360}\">\u00a0<\/span><\/p>\n<p><span data-contrast=\"auto\">Ky event, ofron nj\u00eb mund\u00ebsi unike p\u00ebr t&#8217;u lidhur, m\u00ebsuar dhe bashk\u00ebpunuar n\u00eb nj\u00eb mjedis t\u00eb krijuar p\u00ebr t\u00eb nxitur nd\u00ebrgjegj\u00ebsimin, pranimin dhe ndryshimin pozitiv. Ja \u00e7far\u00eb mund t\u00eb presin pjes\u00ebmarr\u00ebsit n\u00eb k\u00ebt\u00eb konferenc\u00eb t\u00eb jasht\u00ebzakonshme:<\/span><span data-ccp-props=\"{&quot;201341983&quot;:0,&quot;335559739&quot;:160,&quot;335559740&quot;:360}\">\u00a0<\/span><\/p>\n<p><b><span data-contrast=\"auto\">Fol\u00ebsit kryesor\u00eb frym\u00ebzues:<\/span><\/b><span data-ccp-props=\"{&quot;201341983&quot;:0,&quot;335559739&quot;:160,&quot;335559740&quot;:360}\">\u00a0<\/span><\/p>\n<p><span data-contrast=\"auto\">Konferenca e 7-t\u00eb Nd\u00ebrkomb\u00ebtare Ballkanike mbi Autizmin \u00ebsht\u00eb krenare t\u00eb pres\u00eb ekspert\u00eb t\u00eb njohur n\u00eb fush\u00ebn e autizmit, t\u00eb cil\u00ebt do t\u00eb japin fjalime kryesore frym\u00ebzuese dhe nxit\u00ebse. K\u00ebta ekspert\u00eb do t\u00eb ndajn\u00eb p\u00ebrvojat dhe njohurit\u00eb e tyre, duke hedhur drit\u00eb mbi p\u00ebrparimet m\u00eb t\u00eb fundit n\u00eb k\u00ebrkimin dhe nd\u00ebrhyrjen e autizmit.<\/span><span data-ccp-props=\"{&quot;201341983&quot;:0,&quot;335559739&quot;:160,&quot;335559740&quot;:360}\">\u00a0<\/span><\/p>\n<p><span data-contrast=\"auto\">Informacione shtes\u00eb:<\/span><span data-ccp-props=\"{&quot;134233117&quot;:false,&quot;134233118&quot;:false,&quot;201341983&quot;:0,&quot;335551550&quot;:1,&quot;335551620&quot;:1,&quot;335559685&quot;:0,&quot;335559737&quot;:0,&quot;335559738&quot;:0,&quot;335559739&quot;:160,&quot;335559740&quot;:360}\">\u00a0<\/span><\/p>\n<p><span data-contrast=\"auto\">Konferenca do t\u00eb paraqes\u00eb nj\u00eb s\u00ebr\u00eb seminaresh q\u00eb mbulojn\u00eb nj\u00eb gam\u00eb t\u00eb gjer\u00eb temash q\u00eb lidhen me autizmin. K\u00ebto seminare synojn\u00eb t&#8217;i pajisin pjes\u00ebmarr\u00ebsit me njohuri dhe aft\u00ebsi praktike p\u00ebr t\u00eb rritur aft\u00ebsin\u00eb e tyre p\u00ebr t\u00eb mb\u00ebshtetur individ\u00ebt n\u00eb spektrin e autizmit. Nga strategjit\u00eb e komunikimit te teknikat e menaxhimit t\u00eb sjelljes, k\u00ebto seanca do t\u00eb ofrojn\u00eb mjete t\u00eb pa\u00e7mueshme p\u00ebr kujdestar\u00ebt dhe profesionist\u00ebt.<\/span><span data-ccp-props=\"{&quot;201341983&quot;:0,&quot;335559739&quot;:160,&quot;335559740&quot;:360}\">\u00a0<\/span><\/p>\n<p><b><span data-contrast=\"auto\">Mund\u00ebsit\u00eb e rrjet\u00ebzimit:<\/span><\/b><span data-ccp-props=\"{&quot;201341983&quot;:0,&quot;335559739&quot;:160,&quot;335559740&quot;:360}\">\u00a0<\/span><\/p>\n<p><span data-contrast=\"auto\">Lidhuni me individ\u00eb me t\u00eb nj\u00ebjtin mendim q\u00eb ndajn\u00eb pasionin tuaj p\u00ebr mbrojtjen e autizmit. Konferenca ofron nj\u00eb platform\u00eb p\u00ebr rrjet\u00ebzimin, nxitjen e bashk\u00ebpunimeve t\u00eb reja dhe nd\u00ebrtimin e nj\u00eb komuniteti mb\u00ebshtet\u00ebs q\u00eb mund t\u00eb b\u00ebj\u00eb nj\u00eb ndryshim t\u00eb v\u00ebrtet\u00eb.<\/span><span data-ccp-props=\"{&quot;201341983&quot;:0,&quot;335559739&quot;:160,&quot;335559740&quot;:360}\">\u00a0<\/span><\/p>\n<p><b><span data-contrast=\"auto\">Perspektiva globale:<\/span><\/b><span data-ccp-props=\"{&quot;201341983&quot;:0,&quot;335559739&quot;:160,&quot;335559740&quot;:360}\">\u00a0<\/span><\/p>\n<p><span data-contrast=\"auto\">Fitoni njohuri mbi autizmin nga nj\u00eb perspektiv\u00eb nd\u00ebrkomb\u00ebtare. Eksploroni sfidat dhe mund\u00ebsit\u00eb me t\u00eb cilat p\u00ebrballen individ\u00ebt me autiz\u00ebm n\u00eb mbar\u00eb bot\u00ebn dhe m\u00ebsoni rreth nd\u00ebrhyrjeve t\u00eb suksesshme dhe sistemeve mb\u00ebshtet\u00ebse nga vende t\u00eb ndryshme.<\/span><span data-ccp-props=\"{&quot;201341983&quot;:0,&quot;335559739&quot;:160,&quot;335559740&quot;:360}\">\u00a0<\/span><\/p>\n<p><b><span data-contrast=\"auto\">V\u00ebshtrime t\u00eb ekspert\u00ebve:<\/span><\/b><span data-ccp-props=\"{&quot;201341983&quot;:0,&quot;335559739&quot;:160,&quot;335559740&quot;:360}\">\u00a0<\/span><\/p>\n<p><span data-contrast=\"auto\">Angazhohuni me ekspert\u00eb dhe specialist\u00eb n\u00eb fush\u00ebn e autizmit p\u00ebr t\u00eb q\u00ebndruar t\u00eb p\u00ebrdit\u00ebsuar mbi k\u00ebrkimet dhe zhvillimet m\u00eb t\u00eb fundit. Pjes\u00ebmarr\u00ebsit do t\u00eb ken\u00eb mund\u00ebsin\u00eb t\u00eb nd\u00ebrveprojn\u00eb me k\u00ebta profesionist\u00eb, t\u00eb b\u00ebjn\u00eb pyetje dhe t\u00eb fitojn\u00eb nj\u00eb kuptim m\u00eb t\u00eb thell\u00eb t\u00eb autizmit.<\/span><span data-ccp-props=\"{&quot;201341983&quot;:0,&quot;335559739&quot;:160,&quot;335559740&quot;:360}\">\u00a0<\/span><\/p>\n<p><span data-contrast=\"auto\">\u00cbsht\u00eb e r\u00ebnd\u00ebsishme t\u00eb theksohet se nd\u00ebrsa pjes\u00ebmarrja n\u00eb k\u00ebt\u00eb konferenc\u00eb \u00ebsht\u00eb falas, vendet jan\u00eb t\u00eb kufizuara. Regjistrimi \u00ebsht\u00eb i detyruesh\u00ebm dhe mund t\u00eb plot\u00ebsohet n\u00eb faqen zyrtare t\u00eb konferenc\u00ebs. Ne inkurajojm\u00eb regjistrimin e hersh\u00ebm p\u00ebr t\u00eb siguruar vendin tuaj n\u00eb k\u00ebt\u00eb takim transformues.<\/span><span data-ccp-props=\"{&quot;201341983&quot;:0,&quot;335559739&quot;:160,&quot;335559740&quot;:360}\">\u00a0<\/span><\/p>\n<p><span data-contrast=\"auto\">Si mbrojt\u00ebs p\u00ebr nd\u00ebrgjegj\u00ebsimin dhe pranimin e autizmit, ne ju inkurajojm\u00eb t\u00eb sh\u00ebnoni kalendar\u00ebt tuaj, t\u00eb p\u00ebrhapni fjal\u00ebn (duke b\u00ebr\u00eb sa m\u00eb shum\u00eb share) dhe t\u00eb p\u00ebrgatiteni p\u00ebr t\u00eb qen\u00eb pjes\u00eb e di\u00e7kaje v\u00ebrtet t\u00eb ve\u00e7ant\u00eb. S\u00eb bashku, ne mund t\u00eb b\u00ebjm\u00eb nj\u00eb ndryshim n\u00eb jet\u00ebn e individ\u00ebve n\u00eb spektrin e autizmit.<\/span><span data-ccp-props=\"{&quot;201341983&quot;:0,&quot;335559739&quot;:160,&quot;335559740&quot;:360}\">\u00a0<\/span><\/p>\n<p><span data-contrast=\"auto\">Le ta b\u00ebjm\u00eb k\u00ebt\u00eb konferenc\u00eb nj\u00eb p\u00ebrvoj\u00eb t\u00eb paharrueshme dhe t\u00eb punojm\u00eb s\u00eb bashku p\u00ebr t\u00eb krijuar nj\u00eb bot\u00eb q\u00eb p\u00ebrqafon dhe mb\u00ebshtet t\u00eb gjith\u00eb, pavar\u00ebsisht nga karakteristikat e tyre unike.<\/span><span data-ccp-props=\"{&quot;201341983&quot;:0,&quot;335559739&quot;:160,&quot;335559740&quot;:360}\">\u00a0<\/span><\/p>\n<p><strong>HealthMag<\/strong><\/p>\n","protected":false},"excerpt":{"rendered":"<p>N\u00eb nj\u00eb bot\u00eb q\u00eb po p\u00ebrqafon gjithnj\u00eb e m\u00eb shum\u00eb diversitetin dhe gjith\u00ebp\u00ebrfshirjen, Konferenca e ardhshme e 7-t\u00eb Nd\u00ebrkomb\u00ebtare Ballkanike mbi Autizmin do t\u00eb jet\u00eb i mbushur me programe edukative\/njohurie dhe ndryshimi pozitiv. E planifikuar p\u00ebr n\u00eb datat 10-11 n\u00ebntor 2023, n\u00eb Fakultetin e Mjek\u00ebsis\u00eb, n\u00eb Tiran\u00eb, kjo konferenc\u00eb \u00ebsht\u00eb vendosur t\u00eb frym\u00ebzoj\u00eb, edukoj\u00eb dhe [&hellip;]<\/p>\n","protected":false},"author":2,"featured_media":6096,"comment_status":"open","ping_status":"open","sticky":false,"template":"","format":"standard","meta":{"footnotes":""},"categories":[14,13],"tags":[],"class_list":{"0":"post-6095","1":"post","2":"type-post","3":"status-publish","4":"format-standard","5":"has-post-thumbnail","7":"category-blog","8":"category-news-experts"},"yoast_head":"<!-- This site is optimized with the Yoast SEO plugin v23.9 - https:\/\/yoast.com\/wordpress\/plugins\/seo\/ -->\n<title>&quot;Konferenca Nd\u00ebrkomb\u00ebtare Ballkanike p\u00ebr Autizmin\u201d, arsyet pse duhet t\u00eb merrni pjes\u00eb - Health Mag<\/title>\n<meta name=\"robots\" content=\"index, follow, max-snippet:-1, max-image-preview:large, max-video-preview:-1\" \/>\n<link rel=\"canonical\" href=\"https:\/\/healthmag.al\/index.php\/2023\/11\/06\/konferenca-nderkombetare-ballkanike-per-autizmin-arsyet-pse-duhet-te-merrni-pjese\/\" \/>\n<meta property=\"og:locale\" content=\"en_US\" \/>\n<meta property=\"og:type\" content=\"article\" \/>\n<meta property=\"og:title\" content=\"&quot;Konferenca Nd\u00ebrkomb\u00ebtare Ballkanike p\u00ebr Autizmin\u201d, arsyet pse duhet t\u00eb merrni pjes\u00eb - Health Mag\" \/>\n<meta property=\"og:description\" content=\"N\u00eb nj\u00eb bot\u00eb q\u00eb po p\u00ebrqafon gjithnj\u00eb e m\u00eb shum\u00eb diversitetin dhe gjith\u00ebp\u00ebrfshirjen, Konferenca e ardhshme e 7-t\u00eb Nd\u00ebrkomb\u00ebtare Ballkanike mbi Autizmin do t\u00eb jet\u00eb i mbushur me programe edukative\/njohurie dhe ndryshimi pozitiv. E planifikuar p\u00ebr n\u00eb datat 10-11 n\u00ebntor 2023, n\u00eb Fakultetin e Mjek\u00ebsis\u00eb, n\u00eb Tiran\u00eb, kjo konferenc\u00eb \u00ebsht\u00eb vendosur t\u00eb frym\u00ebzoj\u00eb, edukoj\u00eb dhe [&hellip;]\" \/>\n<meta property=\"og:url\" content=\"https:\/\/healthmag.al\/index.php\/2023\/11\/06\/konferenca-nderkombetare-ballkanike-per-autizmin-arsyet-pse-duhet-te-merrni-pjese\/\" \/>\n<meta property=\"og:site_name\" content=\"Health Mag\" \/>\n<meta property=\"article:published_time\" content=\"2023-11-06T10:10:17+00:00\" \/>\n<meta property=\"og:image\" content=\"https:\/\/healthmag.al\/wp-content\/uploads\/2023\/11\/387760371_917137343219951_2165671390756419471_n.jpg\" \/>\n\t<meta property=\"og:image:width\" content=\"1772\" \/>\n\t<meta property=\"og:image:height\" content=\"1772\" \/>\n\t<meta property=\"og:image:type\" content=\"image\/jpeg\" \/>\n<meta name=\"author\" content=\"Health Mag\" \/>\n<meta name=\"twitter:card\" content=\"summary_large_image\" \/>\n<meta name=\"twitter:label1\" content=\"Written by\" \/>\n\t<meta name=\"twitter:data1\" content=\"Health Mag\" \/>\n\t<meta name=\"twitter:label2\" content=\"Est. reading time\" \/>\n\t<meta name=\"twitter:data2\" content=\"3 minutes\" \/>\n<script type=\"application\/ld+json\" class=\"yoast-schema-graph\">{\"@context\":\"https:\/\/schema.org\",\"@graph\":[{\"@type\":\"WebPage\",\"@id\":\"https:\/\/healthmag.al\/index.php\/2023\/11\/06\/konferenca-nderkombetare-ballkanike-per-autizmin-arsyet-pse-duhet-te-merrni-pjese\/\",\"url\":\"https:\/\/healthmag.al\/index.php\/2023\/11\/06\/konferenca-nderkombetare-ballkanike-per-autizmin-arsyet-pse-duhet-te-merrni-pjese\/\",\"name\":\"\\\"Konferenca Nd\u00ebrkomb\u00ebtare Ballkanike p\u00ebr Autizmin\u201d, arsyet pse duhet t\u00eb merrni pjes\u00eb - Health Mag\",\"isPartOf\":{\"@id\":\"https:\/\/healthmag.al\/#website\"},\"primaryImageOfPage\":{\"@id\":\"https:\/\/healthmag.al\/index.php\/2023\/11\/06\/konferenca-nderkombetare-ballkanike-per-autizmin-arsyet-pse-duhet-te-merrni-pjese\/#primaryimage\"},\"image\":{\"@id\":\"https:\/\/healthmag.al\/index.php\/2023\/11\/06\/konferenca-nderkombetare-ballkanike-per-autizmin-arsyet-pse-duhet-te-merrni-pjese\/#primaryimage\"},\"thumbnailUrl\":\"https:\/\/healthmag.al\/wp-content\/uploads\/2023\/11\/387760371_917137343219951_2165671390756419471_n.jpg\",\"datePublished\":\"2023-11-06T10:10:17+00:00\",\"dateModified\":\"2023-11-06T10:10:17+00:00\",\"author\":{\"@id\":\"https:\/\/healthmag.al\/#\/schema\/person\/90da6e0828806bd8547a8a18ec43a4dd\"},\"breadcrumb\":{\"@id\":\"https:\/\/healthmag.al\/index.php\/2023\/11\/06\/konferenca-nderkombetare-ballkanike-per-autizmin-arsyet-pse-duhet-te-merrni-pjese\/#breadcrumb\"},\"inLanguage\":\"en-US\",\"potentialAction\":[{\"@type\":\"ReadAction\",\"target\":[\"https:\/\/healthmag.al\/index.php\/2023\/11\/06\/konferenca-nderkombetare-ballkanike-per-autizmin-arsyet-pse-duhet-te-merrni-pjese\/\"]}]},{\"@type\":\"ImageObject\",\"inLanguage\":\"en-US\",\"@id\":\"https:\/\/healthmag.al\/index.php\/2023\/11\/06\/konferenca-nderkombetare-ballkanike-per-autizmin-arsyet-pse-duhet-te-merrni-pjese\/#primaryimage\",\"url\":\"https:\/\/healthmag.al\/wp-content\/uploads\/2023\/11\/387760371_917137343219951_2165671390756419471_n.jpg\",\"contentUrl\":\"https:\/\/healthmag.al\/wp-content\/uploads\/2023\/11\/387760371_917137343219951_2165671390756419471_n.jpg\",\"width\":1772,\"height\":1772},{\"@type\":\"BreadcrumbList\",\"@id\":\"https:\/\/healthmag.al\/index.php\/2023\/11\/06\/konferenca-nderkombetare-ballkanike-per-autizmin-arsyet-pse-duhet-te-merrni-pjese\/#breadcrumb\",\"itemListElement\":[{\"@type\":\"ListItem\",\"position\":1,\"name\":\"Home\",\"item\":\"https:\/\/healthmag.al\/\"},{\"@type\":\"ListItem\",\"position\":2,\"name\":\"&#8220;Konferenca Nd\u00ebrkomb\u00ebtare Ballkanike p\u00ebr Autizmin\u201d, arsyet pse duhet t\u00eb merrni pjes\u00eb\"}]},{\"@type\":\"WebSite\",\"@id\":\"https:\/\/healthmag.al\/#website\",\"url\":\"https:\/\/healthmag.al\/\",\"name\":\"Health Mag\",\"description\":\"Gjith\u00e7ka rreth sh\u00ebndetit\",\"potentialAction\":[{\"@type\":\"SearchAction\",\"target\":{\"@type\":\"EntryPoint\",\"urlTemplate\":\"https:\/\/healthmag.al\/?s={search_term_string}\"},\"query-input\":{\"@type\":\"PropertyValueSpecification\",\"valueRequired\":true,\"valueName\":\"search_term_string\"}}],\"inLanguage\":\"en-US\"},{\"@type\":\"Person\",\"@id\":\"https:\/\/healthmag.al\/#\/schema\/person\/90da6e0828806bd8547a8a18ec43a4dd\",\"name\":\"Health Mag\",\"image\":{\"@type\":\"ImageObject\",\"inLanguage\":\"en-US\",\"@id\":\"https:\/\/healthmag.al\/#\/schema\/person\/image\/\",\"url\":\"https:\/\/secure.gravatar.com\/avatar\/2bf3ac7a92b5b85abfc677beb1be5632c23ecdfd3f8aeddb1cbb6dce5aae1f50?s=96&d=mm&r=g\",\"contentUrl\":\"https:\/\/secure.gravatar.com\/avatar\/2bf3ac7a92b5b85abfc677beb1be5632c23ecdfd3f8aeddb1cbb6dce5aae1f50?s=96&d=mm&r=g\",\"caption\":\"Health Mag\"},\"sameAs\":[\"https:\/\/healthmag.al\/\"],\"url\":\"https:\/\/healthmag.al\/index.php\/author\/healthmag1\/\"}]}<\/script>\n<!-- \/ Yoast SEO plugin. -->","yoast_head_json":{"title":"\"Konferenca Nd\u00ebrkomb\u00ebtare Ballkanike p\u00ebr Autizmin\u201d, arsyet pse duhet t\u00eb merrni pjes\u00eb - Health Mag","robots":{"index":"index","follow":"follow","max-snippet":"max-snippet:-1","max-image-preview":"max-image-preview:large","max-video-preview":"max-video-preview:-1"},"canonical":"https:\/\/healthmag.al\/index.php\/2023\/11\/06\/konferenca-nderkombetare-ballkanike-per-autizmin-arsyet-pse-duhet-te-merrni-pjese\/","og_locale":"en_US","og_type":"article","og_title":"\"Konferenca Nd\u00ebrkomb\u00ebtare Ballkanike p\u00ebr Autizmin\u201d, arsyet pse duhet t\u00eb merrni pjes\u00eb - Health Mag","og_description":"N\u00eb nj\u00eb bot\u00eb q\u00eb po p\u00ebrqafon gjithnj\u00eb e m\u00eb shum\u00eb diversitetin dhe gjith\u00ebp\u00ebrfshirjen, Konferenca e ardhshme e 7-t\u00eb Nd\u00ebrkomb\u00ebtare Ballkanike mbi Autizmin do t\u00eb jet\u00eb i mbushur me programe edukative\/njohurie dhe ndryshimi pozitiv. E planifikuar p\u00ebr n\u00eb datat 10-11 n\u00ebntor 2023, n\u00eb Fakultetin e Mjek\u00ebsis\u00eb, n\u00eb Tiran\u00eb, kjo konferenc\u00eb \u00ebsht\u00eb vendosur t\u00eb frym\u00ebzoj\u00eb, edukoj\u00eb dhe [&hellip;]","og_url":"https:\/\/healthmag.al\/index.php\/2023\/11\/06\/konferenca-nderkombetare-ballkanike-per-autizmin-arsyet-pse-duhet-te-merrni-pjese\/","og_site_name":"Health Mag","article_published_time":"2023-11-06T10:10:17+00:00","og_image":[{"width":1772,"height":1772,"url":"https:\/\/healthmag.al\/wp-content\/uploads\/2023\/11\/387760371_917137343219951_2165671390756419471_n.jpg","type":"image\/jpeg"}],"author":"Health Mag","twitter_card":"summary_large_image","twitter_misc":{"Written by":"Health Mag","Est. reading time":"3 minutes"},"schema":{"@context":"https:\/\/schema.org","@graph":[{"@type":"WebPage","@id":"https:\/\/healthmag.al\/index.php\/2023\/11\/06\/konferenca-nderkombetare-ballkanike-per-autizmin-arsyet-pse-duhet-te-merrni-pjese\/","url":"https:\/\/healthmag.al\/index.php\/2023\/11\/06\/konferenca-nderkombetare-ballkanike-per-autizmin-arsyet-pse-duhet-te-merrni-pjese\/","name":"\"Konferenca Nd\u00ebrkomb\u00ebtare Ballkanike p\u00ebr Autizmin\u201d, arsyet pse duhet t\u00eb merrni pjes\u00eb - Health Mag","isPartOf":{"@id":"https:\/\/healthmag.al\/#website"},"primaryImageOfPage":{"@id":"https:\/\/healthmag.al\/index.php\/2023\/11\/06\/konferenca-nderkombetare-ballkanike-per-autizmin-arsyet-pse-duhet-te-merrni-pjese\/#primaryimage"},"image":{"@id":"https:\/\/healthmag.al\/index.php\/2023\/11\/06\/konferenca-nderkombetare-ballkanike-per-autizmin-arsyet-pse-duhet-te-merrni-pjese\/#primaryimage"},"thumbnailUrl":"https:\/\/healthmag.al\/wp-content\/uploads\/2023\/11\/387760371_917137343219951_2165671390756419471_n.jpg","datePublished":"2023-11-06T10:10:17+00:00","dateModified":"2023-11-06T10:10:17+00:00","author":{"@id":"https:\/\/healthmag.al\/#\/schema\/person\/90da6e0828806bd8547a8a18ec43a4dd"},"breadcrumb":{"@id":"https:\/\/healthmag.al\/index.php\/2023\/11\/06\/konferenca-nderkombetare-ballkanike-per-autizmin-arsyet-pse-duhet-te-merrni-pjese\/#breadcrumb"},"inLanguage":"en-US","potentialAction":[{"@type":"ReadAction","target":["https:\/\/healthmag.al\/index.php\/2023\/11\/06\/konferenca-nderkombetare-ballkanike-per-autizmin-arsyet-pse-duhet-te-merrni-pjese\/"]}]},{"@type":"ImageObject","inLanguage":"en-US","@id":"https:\/\/healthmag.al\/index.php\/2023\/11\/06\/konferenca-nderkombetare-ballkanike-per-autizmin-arsyet-pse-duhet-te-merrni-pjese\/#primaryimage","url":"https:\/\/healthmag.al\/wp-content\/uploads\/2023\/11\/387760371_917137343219951_2165671390756419471_n.jpg","contentUrl":"https:\/\/healthmag.al\/wp-content\/uploads\/2023\/11\/387760371_917137343219951_2165671390756419471_n.jpg","width":1772,"height":1772},{"@type":"BreadcrumbList","@id":"https:\/\/healthmag.al\/index.php\/2023\/11\/06\/konferenca-nderkombetare-ballkanike-per-autizmin-arsyet-pse-duhet-te-merrni-pjese\/#breadcrumb","itemListElement":[{"@type":"ListItem","position":1,"name":"Home","item":"https:\/\/healthmag.al\/"},{"@type":"ListItem","position":2,"name":"&#8220;Konferenca Nd\u00ebrkomb\u00ebtare Ballkanike p\u00ebr Autizmin\u201d, arsyet pse duhet t\u00eb merrni pjes\u00eb"}]},{"@type":"WebSite","@id":"https:\/\/healthmag.al\/#website","url":"https:\/\/healthmag.al\/","name":"Health Mag","description":"Gjith\u00e7ka rreth sh\u00ebndetit","potentialAction":[{"@type":"SearchAction","target":{"@type":"EntryPoint","urlTemplate":"https:\/\/healthmag.al\/?s={search_term_string}"},"query-input":{"@type":"PropertyValueSpecification","valueRequired":true,"valueName":"search_term_string"}}],"inLanguage":"en-US"},{"@type":"Person","@id":"https:\/\/healthmag.al\/#\/schema\/person\/90da6e0828806bd8547a8a18ec43a4dd","name":"Health Mag","image":{"@type":"ImageObject","inLanguage":"en-US","@id":"https:\/\/healthmag.al\/#\/schema\/person\/image\/","url":"https:\/\/secure.gravatar.com\/avatar\/2bf3ac7a92b5b85abfc677beb1be5632c23ecdfd3f8aeddb1cbb6dce5aae1f50?s=96&d=mm&r=g","contentUrl":"https:\/\/secure.gravatar.com\/avatar\/2bf3ac7a92b5b85abfc677beb1be5632c23ecdfd3f8aeddb1cbb6dce5aae1f50?s=96&d=mm&r=g","caption":"Health Mag"},"sameAs":["https:\/\/healthmag.al\/"],"url":"https:\/\/healthmag.al\/index.php\/author\/healthmag1\/"}]}},"_links":{"self":[{"href":"https:\/\/healthmag.al\/index.php\/wp-json\/wp\/v2\/posts\/6095","targetHints":{"allow":["GET"]}}],"collection":[{"href":"https:\/\/healthmag.al\/index.php\/wp-json\/wp\/v2\/posts"}],"about":[{"href":"https:\/\/healthmag.al\/index.php\/wp-json\/wp\/v2\/types\/post"}],"author":[{"embeddable":true,"href":"https:\/\/healthmag.al\/index.php\/wp-json\/wp\/v2\/users\/2"}],"replies":[{"embeddable":true,"href":"https:\/\/healthmag.al\/index.php\/wp-json\/wp\/v2\/comments?post=6095"}],"version-history":[{"count":1,"href":"https:\/\/healthmag.al\/index.php\/wp-json\/wp\/v2\/posts\/6095\/revisions"}],"predecessor-version":[{"id":6097,"href":"https:\/\/healthmag.al\/index.php\/wp-json\/wp\/v2\/posts\/6095\/revisions\/6097"}],"wp:featuredmedia":[{"embeddable":true,"href":"https:\/\/healthmag.al\/index.php\/wp-json\/wp\/v2\/media\/6096"}],"wp:attachment":[{"href":"https:\/\/healthmag.al\/index.php\/wp-json\/wp\/v2\/media?parent=6095"}],"wp:term":[{"taxonomy":"category","embeddable":true,"href":"https:\/\/healthmag.al\/index.php\/wp-json\/wp\/v2\/categories?post=6095"},{"taxonomy":"post_tag","embeddable":true,"href":"https:\/\/healthmag.al\/index.php\/wp-json\/wp\/v2\/tags?post=6095"}],"curies":[{"name":"wp","href":"https:\/\/api.w.org\/{rel}","templated":true}]}}