{"id":5909,"date":"2023-09-27T17:11:08","date_gmt":"2023-09-27T15:11:08","guid":{"rendered":"https:\/\/healthmag.al\/?p=5909"},"modified":"2023-09-27T17:11:08","modified_gmt":"2023-09-27T15:11:08","slug":"mit-apo-e-vertete-a-eshte-e-shendetshme-per-lekuren-te-lani-fytyren-ne-dush","status":"publish","type":"post","link":"https:\/\/healthmag.al\/index.php\/2023\/09\/27\/mit-apo-e-vertete-a-eshte-e-shendetshme-per-lekuren-te-lani-fytyren-ne-dush\/","title":{"rendered":"Mit apo e v\u00ebrtet\u00eb, a \u00ebsht\u00eb e sh\u00ebndetshme p\u00ebr l\u00ebkur\u00ebn t\u00eb lani fytyr\u00ebn n\u00eb dush"},"content":{"rendered":"<div class=\"container\">\n<div class=\"my-content my-body article-wrapper\">\n<div class=\"article-content first-content\">\n<p>Kur b\u00ebjn\u00eb dush dhe lahen, \u00ebsht\u00eb krejt e natyrshme q\u00eb shum\u00eb njer\u00ebz ta lajn\u00eb fytyr\u00ebn. Megjithat\u00eb, ky veprim q\u00eb duket i zakonsh\u00ebm, mund t\u00eb d\u00ebmtoj\u00eb l\u00ebkur\u00ebn e fytyr\u00ebs tuaj. Larja e fytyr\u00ebs me uj\u00eb t\u00eb ngroht\u00eb n\u00eb dush duket mjaft e natyrshme, por ka mendime q\u00eb thon\u00eb se mund t\u00eb hiqen vajrat natyral\u00eb q\u00eb e mbajn\u00eb l\u00ebkur\u00ebn t\u00eb hidratuar dhe me shk\u00eblqim.<\/p>\n<p>M\u00eb her\u00ebt \u00ebsht\u00eb menduar se b\u00ebrja e dusheve t\u00eb gjata t\u00eb nxehta gjithashtu e ekspozon l\u00ebkur\u00ebn tuaj ndaj temperaturave t\u00eb larta, t\u00eb cilat mund ta irritojn\u00eb dhe t\u00eb nxisin shfaqjen e pu\u00e7rrave, si dhe k\u00ebshillohej q\u00eb t\u00eb jeni t\u00eb vet\u00ebdijsh\u00ebm p\u00ebr bakteret q\u00eb gjenden n\u00eb banj\u00eb. Megjithat\u00eb, dy dermatologet Ivy Lee dhe Abigail James deklarojn\u00eb se k\u00ebto jan\u00eb mite. Ato thon\u00eb se \u00ebsht\u00eb mir\u00eb t\u00eb b\u00ebni kujdes kur e lani fytyr\u00ebn n\u00eb dush dhe se temperatura e ujit luan rolin kryesor. Lee shprehet:<\/p>\n<blockquote><p><em>Rreziku i supozuar \u00ebsht\u00eb se uji i nxeht\u00eb dehidraton l\u00ebkur\u00ebn, nxeht\u00ebsia nga uji i nxeht\u00eb dhe avulli, mund t\u2019i zgjeroj\u00eb dhe t\u00eb \u00e7aj\u00eb en\u00ebt delikate t\u00eb gjakut n\u00eb l\u00ebkur\u00eb, kurse bakteret n\u00eb banj\u00eb mund ta rrisin rrezikun e infeksionit, por nuk ka asnj\u00eb prov\u00eb shkencore p\u00ebr t\u00eb mb\u00ebshtetur ndonj\u00eb nga k\u00ebto pretendime.<\/em><\/p><\/blockquote>\n<div class=\"article-gallery slick-initialized slick-slider\">\n<div class=\"slick-list draggable\" aria-live=\"polite\">\n<div class=\"slick-track\" role=\"listbox\">\n<div class=\"gallery-image slick-slide slick-current slick-active\" tabindex=\"-1\" role=\"option\" data-slick-index=\"0\" aria-hidden=\"false\" aria-describedby=\"slick-slide30\"><img decoding=\"async\" class=\"img-responsive\" src=\"https:\/\/www.topalbaniaradio.com\/v7\/wp-content\/uploads\/2023\/09\/8aipohVC5vGPWrz2VbbHU8.jpg\" \/><\/div>\n<\/div>\n<\/div>\n<\/div>\n<p>James thot\u00eb se larja e fytyr\u00ebs n\u00eb dush n\u00eb fakt mund t\u00eb jet\u00eb e dobishme, por ajo gjithashtu thekson se duhet ta shikoni temperatur\u00ebn e ujit. Ajo tregon se n\u00eb fakt b\u00ebhet fjal\u00eb p\u00ebr preferencat. Sigurisht q\u00eb \u00ebsht\u00eb m\u00eb mir\u00eb q\u00eb nj\u00eb person ta laj\u00eb fytyr\u00ebn n\u00eb dush sesa t\u00eb mos e laj\u00eb fare. \u00cbsht\u00eb vet\u00ebm nj\u00eb \u00e7\u00ebshtje p\u00ebr t\u00eb gjetur se cila rutin\u00eb e kujdesit t\u00eb l\u00ebkur\u00ebs funksionon m\u00eb mir\u00eb p\u00ebr ju. Ajo shpjegon:<\/p>\n<blockquote><p><em>Avulli mund ta ndihmoj\u00eb n\u00eb fakt procesin e pastrimit t\u00eb fytyr\u00ebs. Shum\u00eb trajtime t\u00eb fytyr\u00ebs n\u00eb mbar\u00eb bot\u00ebn p\u00ebrdorin avull gjat\u00eb procesit t\u00eb pastrimit t\u00eb fytyr\u00ebs, sepse zbut p\u00ebrmbajtjen e poreve. Kjo do t\u00eb thot\u00eb se pastrimi mund t\u00eb jet\u00eb m\u00eb efektiv.<\/em><\/p><\/blockquote>\n<div class=\"article-gallery slick-initialized slick-slider\">\n<div class=\"slick-list draggable\" aria-live=\"polite\">\n<div class=\"slick-track\" role=\"listbox\">\n<div class=\"gallery-image slick-slide slick-current slick-active\" tabindex=\"-1\" role=\"option\" data-slick-index=\"0\" aria-hidden=\"false\" aria-describedby=\"slick-slide40\"><img decoding=\"async\" class=\"img-responsive\" src=\"https:\/\/www.topalbaniaradio.com\/v7\/wp-content\/uploads\/2023\/09\/intro-1570038751.jpg\" \/><\/div>\n<\/div>\n<\/div>\n<\/div>\n<\/div>\n<\/div>\n<\/div>\n","protected":false},"excerpt":{"rendered":"<p>Kur b\u00ebjn\u00eb dush dhe lahen, \u00ebsht\u00eb krejt e natyrshme q\u00eb shum\u00eb njer\u00ebz ta lajn\u00eb fytyr\u00ebn. Megjithat\u00eb, ky veprim q\u00eb duket i zakonsh\u00ebm, mund t\u00eb d\u00ebmtoj\u00eb l\u00ebkur\u00ebn e fytyr\u00ebs tuaj. Larja e fytyr\u00ebs me uj\u00eb t\u00eb ngroht\u00eb n\u00eb dush duket mjaft e natyrshme, por ka mendime q\u00eb thon\u00eb se mund t\u00eb hiqen vajrat natyral\u00eb q\u00eb e [&hellip;]<\/p>\n","protected":false},"author":2,"featured_media":5910,"comment_status":"open","ping_status":"open","sticky":false,"template":"","format":"standard","meta":{"footnotes":""},"categories":[7,11],"tags":[],"class_list":{"0":"post-5909","1":"post","2":"type-post","3":"status-publish","4":"format-standard","5":"has-post-thumbnail","7":"category-health","8":"category-living-healthy"},"yoast_head":"<!-- This site is optimized with the Yoast SEO plugin v23.9 - https:\/\/yoast.com\/wordpress\/plugins\/seo\/ -->\n<title>Mit apo e v\u00ebrtet\u00eb, a \u00ebsht\u00eb e sh\u00ebndetshme p\u00ebr l\u00ebkur\u00ebn t\u00eb lani fytyr\u00ebn n\u00eb dush - Health Mag<\/title>\n<meta name=\"robots\" content=\"index, follow, max-snippet:-1, max-image-preview:large, max-video-preview:-1\" \/>\n<link rel=\"canonical\" href=\"https:\/\/healthmag.al\/index.php\/2023\/09\/27\/mit-apo-e-vertete-a-eshte-e-shendetshme-per-lekuren-te-lani-fytyren-ne-dush\/\" \/>\n<meta property=\"og:locale\" content=\"en_US\" \/>\n<meta property=\"og:type\" content=\"article\" \/>\n<meta property=\"og:title\" content=\"Mit apo e v\u00ebrtet\u00eb, a \u00ebsht\u00eb e sh\u00ebndetshme p\u00ebr l\u00ebkur\u00ebn t\u00eb lani fytyr\u00ebn n\u00eb dush - Health Mag\" \/>\n<meta property=\"og:description\" content=\"Kur b\u00ebjn\u00eb dush dhe lahen, \u00ebsht\u00eb krejt e natyrshme q\u00eb shum\u00eb njer\u00ebz ta lajn\u00eb fytyr\u00ebn. Megjithat\u00eb, ky veprim q\u00eb duket i zakonsh\u00ebm, mund t\u00eb d\u00ebmtoj\u00eb l\u00ebkur\u00ebn e fytyr\u00ebs tuaj. Larja e fytyr\u00ebs me uj\u00eb t\u00eb ngroht\u00eb n\u00eb dush duket mjaft e natyrshme, por ka mendime q\u00eb thon\u00eb se mund t\u00eb hiqen vajrat natyral\u00eb q\u00eb e [&hellip;]\" \/>\n<meta property=\"og:url\" content=\"https:\/\/healthmag.al\/index.php\/2023\/09\/27\/mit-apo-e-vertete-a-eshte-e-shendetshme-per-lekuren-te-lani-fytyren-ne-dush\/\" \/>\n<meta property=\"og:site_name\" content=\"Health Mag\" \/>\n<meta property=\"article:published_time\" content=\"2023-09-27T15:11:08+00:00\" \/>\n<meta property=\"og:image\" content=\"https:\/\/healthmag.al\/wp-content\/uploads\/2023\/09\/Stocksy_txp5d2a49a6zKR100_Small_1322300.jpg\" \/>\n\t<meta property=\"og:image:width\" content=\"866\" \/>\n\t<meta property=\"og:image:height\" content=\"577\" \/>\n\t<meta property=\"og:image:type\" content=\"image\/jpeg\" \/>\n<meta name=\"author\" content=\"Health Mag\" \/>\n<meta name=\"twitter:card\" content=\"summary_large_image\" \/>\n<meta name=\"twitter:label1\" content=\"Written by\" \/>\n\t<meta name=\"twitter:data1\" content=\"Health Mag\" \/>\n\t<meta name=\"twitter:label2\" content=\"Est. reading time\" \/>\n\t<meta name=\"twitter:data2\" content=\"2 minutes\" \/>\n<script type=\"application\/ld+json\" class=\"yoast-schema-graph\">{\"@context\":\"https:\/\/schema.org\",\"@graph\":[{\"@type\":\"WebPage\",\"@id\":\"https:\/\/healthmag.al\/index.php\/2023\/09\/27\/mit-apo-e-vertete-a-eshte-e-shendetshme-per-lekuren-te-lani-fytyren-ne-dush\/\",\"url\":\"https:\/\/healthmag.al\/index.php\/2023\/09\/27\/mit-apo-e-vertete-a-eshte-e-shendetshme-per-lekuren-te-lani-fytyren-ne-dush\/\",\"name\":\"Mit apo e v\u00ebrtet\u00eb, a \u00ebsht\u00eb e sh\u00ebndetshme p\u00ebr l\u00ebkur\u00ebn t\u00eb lani fytyr\u00ebn n\u00eb dush - Health Mag\",\"isPartOf\":{\"@id\":\"https:\/\/healthmag.al\/#website\"},\"primaryImageOfPage\":{\"@id\":\"https:\/\/healthmag.al\/index.php\/2023\/09\/27\/mit-apo-e-vertete-a-eshte-e-shendetshme-per-lekuren-te-lani-fytyren-ne-dush\/#primaryimage\"},\"image\":{\"@id\":\"https:\/\/healthmag.al\/index.php\/2023\/09\/27\/mit-apo-e-vertete-a-eshte-e-shendetshme-per-lekuren-te-lani-fytyren-ne-dush\/#primaryimage\"},\"thumbnailUrl\":\"https:\/\/healthmag.al\/wp-content\/uploads\/2023\/09\/Stocksy_txp5d2a49a6zKR100_Small_1322300.jpg\",\"datePublished\":\"2023-09-27T15:11:08+00:00\",\"dateModified\":\"2023-09-27T15:11:08+00:00\",\"author\":{\"@id\":\"https:\/\/healthmag.al\/#\/schema\/person\/90da6e0828806bd8547a8a18ec43a4dd\"},\"breadcrumb\":{\"@id\":\"https:\/\/healthmag.al\/index.php\/2023\/09\/27\/mit-apo-e-vertete-a-eshte-e-shendetshme-per-lekuren-te-lani-fytyren-ne-dush\/#breadcrumb\"},\"inLanguage\":\"en-US\",\"potentialAction\":[{\"@type\":\"ReadAction\",\"target\":[\"https:\/\/healthmag.al\/index.php\/2023\/09\/27\/mit-apo-e-vertete-a-eshte-e-shendetshme-per-lekuren-te-lani-fytyren-ne-dush\/\"]}]},{\"@type\":\"ImageObject\",\"inLanguage\":\"en-US\",\"@id\":\"https:\/\/healthmag.al\/index.php\/2023\/09\/27\/mit-apo-e-vertete-a-eshte-e-shendetshme-per-lekuren-te-lani-fytyren-ne-dush\/#primaryimage\",\"url\":\"https:\/\/healthmag.al\/wp-content\/uploads\/2023\/09\/Stocksy_txp5d2a49a6zKR100_Small_1322300.jpg\",\"contentUrl\":\"https:\/\/healthmag.al\/wp-content\/uploads\/2023\/09\/Stocksy_txp5d2a49a6zKR100_Small_1322300.jpg\",\"width\":866,\"height\":577},{\"@type\":\"BreadcrumbList\",\"@id\":\"https:\/\/healthmag.al\/index.php\/2023\/09\/27\/mit-apo-e-vertete-a-eshte-e-shendetshme-per-lekuren-te-lani-fytyren-ne-dush\/#breadcrumb\",\"itemListElement\":[{\"@type\":\"ListItem\",\"position\":1,\"name\":\"Home\",\"item\":\"https:\/\/healthmag.al\/\"},{\"@type\":\"ListItem\",\"position\":2,\"name\":\"Mit apo e v\u00ebrtet\u00eb, a \u00ebsht\u00eb e sh\u00ebndetshme p\u00ebr l\u00ebkur\u00ebn t\u00eb lani fytyr\u00ebn n\u00eb dush\"}]},{\"@type\":\"WebSite\",\"@id\":\"https:\/\/healthmag.al\/#website\",\"url\":\"https:\/\/healthmag.al\/\",\"name\":\"Health Mag\",\"description\":\"Gjith\u00e7ka rreth sh\u00ebndetit\",\"potentialAction\":[{\"@type\":\"SearchAction\",\"target\":{\"@type\":\"EntryPoint\",\"urlTemplate\":\"https:\/\/healthmag.al\/?s={search_term_string}\"},\"query-input\":{\"@type\":\"PropertyValueSpecification\",\"valueRequired\":true,\"valueName\":\"search_term_string\"}}],\"inLanguage\":\"en-US\"},{\"@type\":\"Person\",\"@id\":\"https:\/\/healthmag.al\/#\/schema\/person\/90da6e0828806bd8547a8a18ec43a4dd\",\"name\":\"Health Mag\",\"image\":{\"@type\":\"ImageObject\",\"inLanguage\":\"en-US\",\"@id\":\"https:\/\/healthmag.al\/#\/schema\/person\/image\/\",\"url\":\"https:\/\/secure.gravatar.com\/avatar\/2bf3ac7a92b5b85abfc677beb1be5632c23ecdfd3f8aeddb1cbb6dce5aae1f50?s=96&d=mm&r=g\",\"contentUrl\":\"https:\/\/secure.gravatar.com\/avatar\/2bf3ac7a92b5b85abfc677beb1be5632c23ecdfd3f8aeddb1cbb6dce5aae1f50?s=96&d=mm&r=g\",\"caption\":\"Health Mag\"},\"sameAs\":[\"https:\/\/healthmag.al\/\"],\"url\":\"https:\/\/healthmag.al\/index.php\/author\/healthmag1\/\"}]}<\/script>\n<!-- \/ Yoast SEO plugin. -->","yoast_head_json":{"title":"Mit apo e v\u00ebrtet\u00eb, a \u00ebsht\u00eb e sh\u00ebndetshme p\u00ebr l\u00ebkur\u00ebn t\u00eb lani fytyr\u00ebn n\u00eb dush - Health Mag","robots":{"index":"index","follow":"follow","max-snippet":"max-snippet:-1","max-image-preview":"max-image-preview:large","max-video-preview":"max-video-preview:-1"},"canonical":"https:\/\/healthmag.al\/index.php\/2023\/09\/27\/mit-apo-e-vertete-a-eshte-e-shendetshme-per-lekuren-te-lani-fytyren-ne-dush\/","og_locale":"en_US","og_type":"article","og_title":"Mit apo e v\u00ebrtet\u00eb, a \u00ebsht\u00eb e sh\u00ebndetshme p\u00ebr l\u00ebkur\u00ebn t\u00eb lani fytyr\u00ebn n\u00eb dush - Health Mag","og_description":"Kur b\u00ebjn\u00eb dush dhe lahen, \u00ebsht\u00eb krejt e natyrshme q\u00eb shum\u00eb njer\u00ebz ta lajn\u00eb fytyr\u00ebn. Megjithat\u00eb, ky veprim q\u00eb duket i zakonsh\u00ebm, mund t\u00eb d\u00ebmtoj\u00eb l\u00ebkur\u00ebn e fytyr\u00ebs tuaj. Larja e fytyr\u00ebs me uj\u00eb t\u00eb ngroht\u00eb n\u00eb dush duket mjaft e natyrshme, por ka mendime q\u00eb thon\u00eb se mund t\u00eb hiqen vajrat natyral\u00eb q\u00eb e [&hellip;]","og_url":"https:\/\/healthmag.al\/index.php\/2023\/09\/27\/mit-apo-e-vertete-a-eshte-e-shendetshme-per-lekuren-te-lani-fytyren-ne-dush\/","og_site_name":"Health Mag","article_published_time":"2023-09-27T15:11:08+00:00","og_image":[{"width":866,"height":577,"url":"https:\/\/healthmag.al\/wp-content\/uploads\/2023\/09\/Stocksy_txp5d2a49a6zKR100_Small_1322300.jpg","type":"image\/jpeg"}],"author":"Health Mag","twitter_card":"summary_large_image","twitter_misc":{"Written by":"Health Mag","Est. reading time":"2 minutes"},"schema":{"@context":"https:\/\/schema.org","@graph":[{"@type":"WebPage","@id":"https:\/\/healthmag.al\/index.php\/2023\/09\/27\/mit-apo-e-vertete-a-eshte-e-shendetshme-per-lekuren-te-lani-fytyren-ne-dush\/","url":"https:\/\/healthmag.al\/index.php\/2023\/09\/27\/mit-apo-e-vertete-a-eshte-e-shendetshme-per-lekuren-te-lani-fytyren-ne-dush\/","name":"Mit apo e v\u00ebrtet\u00eb, a \u00ebsht\u00eb e sh\u00ebndetshme p\u00ebr l\u00ebkur\u00ebn t\u00eb lani fytyr\u00ebn n\u00eb dush - Health Mag","isPartOf":{"@id":"https:\/\/healthmag.al\/#website"},"primaryImageOfPage":{"@id":"https:\/\/healthmag.al\/index.php\/2023\/09\/27\/mit-apo-e-vertete-a-eshte-e-shendetshme-per-lekuren-te-lani-fytyren-ne-dush\/#primaryimage"},"image":{"@id":"https:\/\/healthmag.al\/index.php\/2023\/09\/27\/mit-apo-e-vertete-a-eshte-e-shendetshme-per-lekuren-te-lani-fytyren-ne-dush\/#primaryimage"},"thumbnailUrl":"https:\/\/healthmag.al\/wp-content\/uploads\/2023\/09\/Stocksy_txp5d2a49a6zKR100_Small_1322300.jpg","datePublished":"2023-09-27T15:11:08+00:00","dateModified":"2023-09-27T15:11:08+00:00","author":{"@id":"https:\/\/healthmag.al\/#\/schema\/person\/90da6e0828806bd8547a8a18ec43a4dd"},"breadcrumb":{"@id":"https:\/\/healthmag.al\/index.php\/2023\/09\/27\/mit-apo-e-vertete-a-eshte-e-shendetshme-per-lekuren-te-lani-fytyren-ne-dush\/#breadcrumb"},"inLanguage":"en-US","potentialAction":[{"@type":"ReadAction","target":["https:\/\/healthmag.al\/index.php\/2023\/09\/27\/mit-apo-e-vertete-a-eshte-e-shendetshme-per-lekuren-te-lani-fytyren-ne-dush\/"]}]},{"@type":"ImageObject","inLanguage":"en-US","@id":"https:\/\/healthmag.al\/index.php\/2023\/09\/27\/mit-apo-e-vertete-a-eshte-e-shendetshme-per-lekuren-te-lani-fytyren-ne-dush\/#primaryimage","url":"https:\/\/healthmag.al\/wp-content\/uploads\/2023\/09\/Stocksy_txp5d2a49a6zKR100_Small_1322300.jpg","contentUrl":"https:\/\/healthmag.al\/wp-content\/uploads\/2023\/09\/Stocksy_txp5d2a49a6zKR100_Small_1322300.jpg","width":866,"height":577},{"@type":"BreadcrumbList","@id":"https:\/\/healthmag.al\/index.php\/2023\/09\/27\/mit-apo-e-vertete-a-eshte-e-shendetshme-per-lekuren-te-lani-fytyren-ne-dush\/#breadcrumb","itemListElement":[{"@type":"ListItem","position":1,"name":"Home","item":"https:\/\/healthmag.al\/"},{"@type":"ListItem","position":2,"name":"Mit apo e v\u00ebrtet\u00eb, a \u00ebsht\u00eb e sh\u00ebndetshme p\u00ebr l\u00ebkur\u00ebn t\u00eb lani fytyr\u00ebn n\u00eb dush"}]},{"@type":"WebSite","@id":"https:\/\/healthmag.al\/#website","url":"https:\/\/healthmag.al\/","name":"Health Mag","description":"Gjith\u00e7ka rreth sh\u00ebndetit","potentialAction":[{"@type":"SearchAction","target":{"@type":"EntryPoint","urlTemplate":"https:\/\/healthmag.al\/?s={search_term_string}"},"query-input":{"@type":"PropertyValueSpecification","valueRequired":true,"valueName":"search_term_string"}}],"inLanguage":"en-US"},{"@type":"Person","@id":"https:\/\/healthmag.al\/#\/schema\/person\/90da6e0828806bd8547a8a18ec43a4dd","name":"Health Mag","image":{"@type":"ImageObject","inLanguage":"en-US","@id":"https:\/\/healthmag.al\/#\/schema\/person\/image\/","url":"https:\/\/secure.gravatar.com\/avatar\/2bf3ac7a92b5b85abfc677beb1be5632c23ecdfd3f8aeddb1cbb6dce5aae1f50?s=96&d=mm&r=g","contentUrl":"https:\/\/secure.gravatar.com\/avatar\/2bf3ac7a92b5b85abfc677beb1be5632c23ecdfd3f8aeddb1cbb6dce5aae1f50?s=96&d=mm&r=g","caption":"Health Mag"},"sameAs":["https:\/\/healthmag.al\/"],"url":"https:\/\/healthmag.al\/index.php\/author\/healthmag1\/"}]}},"_links":{"self":[{"href":"https:\/\/healthmag.al\/index.php\/wp-json\/wp\/v2\/posts\/5909","targetHints":{"allow":["GET"]}}],"collection":[{"href":"https:\/\/healthmag.al\/index.php\/wp-json\/wp\/v2\/posts"}],"about":[{"href":"https:\/\/healthmag.al\/index.php\/wp-json\/wp\/v2\/types\/post"}],"author":[{"embeddable":true,"href":"https:\/\/healthmag.al\/index.php\/wp-json\/wp\/v2\/users\/2"}],"replies":[{"embeddable":true,"href":"https:\/\/healthmag.al\/index.php\/wp-json\/wp\/v2\/comments?post=5909"}],"version-history":[{"count":1,"href":"https:\/\/healthmag.al\/index.php\/wp-json\/wp\/v2\/posts\/5909\/revisions"}],"predecessor-version":[{"id":5911,"href":"https:\/\/healthmag.al\/index.php\/wp-json\/wp\/v2\/posts\/5909\/revisions\/5911"}],"wp:featuredmedia":[{"embeddable":true,"href":"https:\/\/healthmag.al\/index.php\/wp-json\/wp\/v2\/media\/5910"}],"wp:attachment":[{"href":"https:\/\/healthmag.al\/index.php\/wp-json\/wp\/v2\/media?parent=5909"}],"wp:term":[{"taxonomy":"category","embeddable":true,"href":"https:\/\/healthmag.al\/index.php\/wp-json\/wp\/v2\/categories?post=5909"},{"taxonomy":"post_tag","embeddable":true,"href":"https:\/\/healthmag.al\/index.php\/wp-json\/wp\/v2\/tags?post=5909"}],"curies":[{"name":"wp","href":"https:\/\/api.w.org\/{rel}","templated":true}]}}