{"id":5346,"date":"2023-06-29T13:07:52","date_gmt":"2023-06-29T11:07:52","guid":{"rendered":"https:\/\/healthmag.al\/?p=5346"},"modified":"2023-06-29T13:07:52","modified_gmt":"2023-06-29T11:07:52","slug":"pse-duhet-ti-bashkoheni-webinar-it-te-dates-7-korrik","status":"publish","type":"post","link":"https:\/\/healthmag.al\/index.php\/2023\/06\/29\/pse-duhet-ti-bashkoheni-webinar-it-te-dates-7-korrik\/","title":{"rendered":"Pse duhet t`i bashkoheni webinar-it t\u00eb dat\u00ebs 7 korrik"},"content":{"rendered":"<p><span data-contrast=\"none\">Me dat\u00ebn <\/span><a href=\"https:\/\/www.instagram.com\/annukalbania\/?hl=en\"><b><span data-contrast=\"none\">7 korrik<\/span><\/b><\/a><span data-contrast=\"none\"> n\u00eb or\u00ebn 10:00 <\/span><a href=\"https:\/\/www.facebook.com\/profile.php?id=100063965466829\"><b><span data-contrast=\"none\">Qendra Annuk<\/span><\/b><\/a><span data-contrast=\"none\"> organizon webinarin me tem\u00ebn <\/span><i><span data-contrast=\"none\">&#8220;Menaxhimi i regjimit ushqimor: Domosdoshm\u00ebri apo trend&#8221;<\/span><\/i><span data-contrast=\"none\">!<\/span><span data-ccp-props=\"{&quot;134233117&quot;:false,&quot;134233118&quot;:false,&quot;201341983&quot;:0,&quot;335551550&quot;:1,&quot;335551620&quot;:1,&quot;335559685&quot;:0,&quot;335559737&quot;:0,&quot;335559738&quot;:0,&quot;335559739&quot;:160,&quot;335559740&quot;:259}\">\u00a0<\/span><\/p>\n<p><span data-contrast=\"none\">N\u00eb k\u00ebt\u00eb webinar, do t\u00eb flitet p\u00ebr m\u00ebnyr\u00ebn e t\u00eb ushqyerit dhe ndikimin e saj n\u00eb jet\u00ebn ton\u00eb. Si\u00e7 e dim\u00eb,\u00a0M\u00ebnyra se si ne ushqehemi jo vet\u00ebm q\u00eb ndikon n\u00eb sh\u00ebndetin dhe mir\u00ebqenien ton\u00eb individuale, por gjithashtu ka implikime m\u00eb t\u00eb gjera p\u00ebr mjedisin, shoq\u00ebrin\u00eb dhe kultur\u00ebn. Miratimi i nj\u00eb qasjeje t\u00eb ekuilibruar, ushqyese dhe t\u00eb q\u00ebndrueshme ndaj t\u00eb ngr\u00ebnit mund t\u00eb \u00e7oj\u00eb n\u00eb p\u00ebrmir\u00ebsime t\u00eb rezultateve sh\u00ebndet\u00ebsore dhe t\u00eb kontribuoj\u00eb n\u00eb nj\u00eb bot\u00eb m\u00eb t\u00eb q\u00ebndrueshme dhe t\u00eb nd\u00ebrlidhur.<\/span><span data-ccp-props=\"{&quot;134233117&quot;:false,&quot;134233118&quot;:false,&quot;201341983&quot;:0,&quot;335551550&quot;:1,&quot;335551620&quot;:1,&quot;335559685&quot;:0,&quot;335559737&quot;:0,&quot;335559738&quot;:0,&quot;335559739&quot;:160,&quot;335559740&quot;:259}\">\u00a0<\/span><\/p>\n<p><span data-contrast=\"none\">N\u00eb k\u00ebt\u00eb webinar do t\u00eb diskutohet nga profesionist\u00eb t\u00eb\u00a0fush\u00ebs p\u00ebr pika ky\u00e7e n\u00eb lidhje me ndikimin e zakoneve tona t\u00eb t\u00eb ngr\u00ebnit. <\/span><span data-ccp-props=\"{&quot;134233117&quot;:false,&quot;134233118&quot;:false,&quot;201341983&quot;:0,&quot;335551550&quot;:1,&quot;335551620&quot;:1,&quot;335559685&quot;:0,&quot;335559737&quot;:0,&quot;335559738&quot;:0,&quot;335559739&quot;:160,&quot;335559740&quot;:259}\">\u00a0<\/span><\/p>\n<p><b><span data-contrast=\"none\">Kush do t\u00eb flas\u00eb n\u00eb k\u00ebt\u00eb webinar: <\/span><\/b><span data-contrast=\"none\">N\u00eb webinar-in me tem\u00eb <\/span><i><span data-contrast=\"none\">&#8220;Menaxhimi i regjimit ushqimor: Domosdoshm\u00ebri apo trend&#8221; <\/span><\/i><span data-contrast=\"none\">jan\u00eb kat\u00ebr fol\u00ebs profesionist\u00eb, PHD. Dr. Albana Daka, Msc Doreada Mio, Dr. Valbona Isufaj dhe Dr.Elvis Popaj. <\/span><span data-ccp-props=\"{&quot;134233117&quot;:false,&quot;134233118&quot;:false,&quot;201341983&quot;:0,&quot;335551550&quot;:1,&quot;335551620&quot;:1,&quot;335559685&quot;:0,&quot;335559737&quot;:0,&quot;335559738&quot;:0,&quot;335559739&quot;:160,&quot;335559740&quot;:259}\">\u00a0<\/span><\/p>\n<p><span data-contrast=\"none\">Daka, Mio, Isufaj dhe Popaj njihen p\u00ebr profesionalizmin e tyre dhe k\u00ebshillat e vlefshme t\u00eb cilat iu sh\u00ebrbejn\u00eb t\u00eb gjitha kategorive \u2013 sidomos atyre q\u00eb kan\u00eb interes n\u00eb fush\u00ebn e nutricionit dhe jetes\u00ebs s\u00eb sh\u00ebndetshme. <\/span><span data-ccp-props=\"{&quot;134233117&quot;:false,&quot;134233118&quot;:false,&quot;201341983&quot;:0,&quot;335551550&quot;:1,&quot;335551620&quot;:1,&quot;335559685&quot;:0,&quot;335559737&quot;:0,&quot;335559738&quot;:0,&quot;335559739&quot;:160,&quot;335559740&quot;:259}\">\u00a0<\/span><\/p>\n<p><b><span data-contrast=\"none\">Kush mund t\u00eb marr\u00eb pjes\u00eb n\u00eb k\u00ebt\u00eb webinar: <\/span><\/b><span data-contrast=\"none\">Kushdo! Mjafton t\u00eb keni d\u00ebshir\u00ebn t\u00eb furnizoni veten me informacione shum\u00eb t\u00eb vyera dhe profesionale dhe t\u00eb doni t\u00eb filloni t\u00eb ndryshoni m\u00ebnyr\u00ebn e jetes\u00ebs dhe t`i p\u00ebrkushtoheni ushqyerjes s\u00eb mir\u00eb dhe t\u00eb sh\u00ebndetshme. <\/span><span data-ccp-props=\"{&quot;134233117&quot;:false,&quot;134233118&quot;:false,&quot;201341983&quot;:0,&quot;335551550&quot;:1,&quot;335551620&quot;:1,&quot;335559685&quot;:0,&quot;335559737&quot;:0,&quot;335559738&quot;:0,&quot;335559739&quot;:160,&quot;335559740&quot;:259}\">\u00a0<\/span><\/p>\n<p><b><span data-contrast=\"none\">Si mund t\u00eb regjistrohem? <\/span><\/b><span data-contrast=\"none\">Regjistrimi \u00ebsht\u00eb shum\u00eb i thjesht\u00eb. Mjafton t\u00eb b\u00ebni pages\u00ebn prej vet\u00ebm 1000 lek\u00ebsh n\u00eb llogarin\u00eb ton\u00eb. Mund ta b\u00ebni p\u00ebrmes bank\u00ebs ose p\u00ebrmes aplikacionit n\u00eb MobileOn. T\u00eb dh\u00ebnat e llogaris\u00eb i keni n\u00eb t\u00eb gjitha postimet, por p\u00ebr leht\u00ebsi do i p\u00ebrshijm\u00eb dhe k\u00ebtu m\u00eb posht\u00eb: <\/span><span data-ccp-props=\"{&quot;134233117&quot;:false,&quot;134233118&quot;:false,&quot;201341983&quot;:0,&quot;335551550&quot;:1,&quot;335551620&quot;:1,&quot;335559685&quot;:0,&quot;335559737&quot;:0,&quot;335559738&quot;:0,&quot;335559739&quot;:160,&quot;335559740&quot;:259}\">\u00a0<\/span><\/p>\n<p><span data-contrast=\"none\">Mbajt\u00ebs Llogarie: Qendra ANNUK<\/span><br \/>\n<span data-contrast=\"none\">Banka: OTP ALBANIA<\/span><br \/>\n<span data-contrast=\"none\">Numri i Llogaris\u00eb: 00002262217<\/span><br \/>\n<span data-contrast=\"none\">IBAN: AL0421311-130000000002262217<\/span><span data-ccp-props=\"{&quot;134233117&quot;:false,&quot;134233118&quot;:false,&quot;201341983&quot;:0,&quot;335551550&quot;:1,&quot;335551620&quot;:1,&quot;335559685&quot;:0,&quot;335559737&quot;:0,&quot;335559738&quot;:0,&quot;335559739&quot;:160,&quot;335559740&quot;:259}\">\u00a0<\/span><\/p>\n<p><span data-contrast=\"none\">Menj\u00ebher\u00eb pasi t\u00eb b\u00ebni pages\u00ebn, na d\u00ebrgoni nj\u00eb email n\u00eb <\/span><a href=\"mailto:annukalb@gmail.com\"><b><span data-contrast=\"none\">annukalb@gmail.com<\/span><\/b><\/a> <span data-contrast=\"none\">ose na shkruani mesazh n\u00eb rrjetet tona sociale me v\u00ebrtetimin e pages\u00ebs dhe ne do t`ju d\u00ebrgojm\u00eb linkun p\u00ebr t`u b\u00ebr\u00eb pjes\u00eb. <\/span><span data-ccp-props=\"{&quot;134233117&quot;:false,&quot;134233118&quot;:false,&quot;201341983&quot;:0,&quot;335551550&quot;:1,&quot;335551620&quot;:1,&quot;335559685&quot;:0,&quot;335559737&quot;:0,&quot;335559738&quot;:0,&quot;335559739&quot;:160,&quot;335559740&quot;:259}\">\u00a0<\/span><\/p>\n<p><b><span data-contrast=\"none\">A do t\u00eb pajisem me nj\u00eb Certifikat\u00eb p\u00ebr k\u00ebt\u00eb webinar? <\/span><\/b><span data-contrast=\"none\">Po, pjes\u00ebmarr\u00ebsit do t\u00eb ken\u00eb mund\u00ebsin\u00eb t\u00eb pajisen me nj\u00eb Certifikat\u00eb pjes\u00ebmarr\u00ebse! <\/span><span data-ccp-props=\"{&quot;134233117&quot;:false,&quot;134233118&quot;:false,&quot;201341983&quot;:0,&quot;335551550&quot;:1,&quot;335551620&quot;:1,&quot;335559685&quot;:0,&quot;335559737&quot;:0,&quot;335559738&quot;:0,&quot;335559739&quot;:160,&quot;335559740&quot;:259}\">\u00a0<\/span><\/p>\n<p><span data-contrast=\"none\">Regjistrohuni dhe p\u00ebr \u00e7do pyetje mund t\u00eb na shkruani! <\/span><span data-ccp-props=\"{&quot;134233117&quot;:false,&quot;134233118&quot;:false,&quot;201341983&quot;:0,&quot;335551550&quot;:1,&quot;335551620&quot;:1,&quot;335559685&quot;:0,&quot;335559737&quot;:0,&quot;335559738&quot;:0,&quot;335559739&quot;:160,&quot;335559740&quot;:259}\">\u00a0<\/span><\/p>\n<blockquote class=\"instagram-media\" style=\"background: #FFF; border: 0; border-radius: 3px; box-shadow: 0 0 1px 0 rgba(0,0,0,0.5),0 1px 10px 0 rgba(0,0,0,0.15); margin: 1px; max-width: 540px; min-width: 326px; padding: 0; width: calc(100% - 2px);\" data-instgrm-captioned=\"\" data-instgrm-permalink=\"https:\/\/www.instagram.com\/p\/Ct_Myg5M90J\/?utm_source=ig_embed&amp;utm_campaign=loading\" data-instgrm-version=\"14\">\n<div style=\"padding: 16px;\">\n<p>&nbsp;<\/p>\n<div style=\"display: flex; flex-direction: row; align-items: center;\">\n<div style=\"background-color: #f4f4f4; border-radius: 50%; flex-grow: 0; height: 40px; margin-right: 14px; width: 40px;\"><\/div>\n<div style=\"display: flex; flex-direction: column; flex-grow: 1; justify-content: center;\">\n<div style=\"background-color: #f4f4f4; border-radius: 4px; flex-grow: 0; height: 14px; margin-bottom: 6px; width: 100px;\"><\/div>\n<div style=\"background-color: #f4f4f4; border-radius: 4px; flex-grow: 0; height: 14px; width: 60px;\"><\/div>\n<\/div>\n<\/div>\n<div style=\"padding: 19% 0;\"><\/div>\n<div style=\"display: block; height: 50px; margin: 0 auto 12px; width: 50px;\"><\/div>\n<div style=\"padding-top: 8px;\">\n<div style=\"color: #3897f0; font-family: Arial,sans-serif; font-size: 14px; font-style: normal; font-weight: 550; line-height: 18px;\">View this post on Instagram<\/div>\n<\/div>\n<div style=\"padding: 12.5% 0;\"><\/div>\n<div style=\"display: flex; flex-direction: row; margin-bottom: 14px; align-items: center;\">\n<div>\n<div style=\"background-color: #f4f4f4; border-radius: 50%; height: 12.5px; width: 12.5px; transform: translateX(0px) translateY(7px);\"><\/div>\n<div style=\"background-color: #f4f4f4; height: 12.5px; transform: rotate(-45deg) translateX(3px) translateY(1px); width: 12.5px; flex-grow: 0; margin-right: 14px; margin-left: 2px;\"><\/div>\n<div style=\"background-color: #f4f4f4; border-radius: 50%; height: 12.5px; width: 12.5px; transform: translateX(9px) translateY(-18px);\"><\/div>\n<\/div>\n<div style=\"margin-left: 8px;\">\n<div style=\"background-color: #f4f4f4; border-radius: 50%; flex-grow: 0; height: 20px; width: 20px;\"><\/div>\n<div style=\"width: 0; height: 0; border-top: 2px solid transparent; border-left: 6px solid #f4f4f4; border-bottom: 2px solid transparent; transform: translateX(16px) translateY(-4px) rotate(30deg);\"><\/div>\n<\/div>\n<div style=\"margin-left: auto;\">\n<div style=\"width: 0px; border-top: 8px solid #F4F4F4; border-right: 8px solid transparent; transform: translateY(16px);\"><\/div>\n<div style=\"background-color: #f4f4f4; flex-grow: 0; height: 12px; width: 16px; transform: translateY(-4px);\"><\/div>\n<div style=\"width: 0; height: 0; border-top: 8px solid #F4F4F4; border-left: 8px solid transparent; transform: translateY(-4px) translateX(8px);\"><\/div>\n<\/div>\n<\/div>\n<div style=\"display: flex; flex-direction: column; flex-grow: 1; justify-content: center; margin-bottom: 24px;\">\n<div style=\"background-color: #f4f4f4; border-radius: 4px; flex-grow: 0; height: 14px; margin-bottom: 6px; width: 224px;\"><\/div>\n<div style=\"background-color: #f4f4f4; border-radius: 4px; flex-grow: 0; height: 14px; width: 144px;\"><\/div>\n<\/div>\n<p>&nbsp;<\/p>\n<p style=\"color: #c9c8cd; font-family: Arial,sans-serif; font-size: 14px; line-height: 17px; margin-bottom: 0; margin-top: 8px; overflow: hidden; padding: 8px 0 7px; text-align: center; text-overflow: ellipsis; white-space: nowrap;\"><a style=\"color: #c9c8cd; font-family: Arial,sans-serif; font-size: 14px; font-style: normal; font-weight: normal; line-height: 17px; text-decoration: none;\" href=\"https:\/\/www.instagram.com\/p\/Ct_Myg5M90J\/?utm_source=ig_embed&amp;utm_campaign=loading\" target=\"_blank\" rel=\"noopener\">A post shared by Akademia Nd\u00ebrkomb\u00ebtare e Nutricionit Klinik (@annukalbania)<\/a><\/p>\n<\/div>\n<\/blockquote>\n<p><script async src=\"\/\/www.instagram.com\/embed.js\"><\/script><\/p>\n","protected":false},"excerpt":{"rendered":"<p>Me dat\u00ebn 7 korrik n\u00eb or\u00ebn 10:00 Qendra Annuk organizon webinarin me tem\u00ebn &#8220;Menaxhimi i regjimit ushqimor: Domosdoshm\u00ebri apo trend&#8221;!\u00a0 N\u00eb k\u00ebt\u00eb webinar, do t\u00eb flitet p\u00ebr m\u00ebnyr\u00ebn e t\u00eb ushqyerit dhe ndikimin e saj n\u00eb jet\u00ebn ton\u00eb. Si\u00e7 e dim\u00eb,\u00a0M\u00ebnyra se si ne ushqehemi jo vet\u00ebm q\u00eb ndikon n\u00eb sh\u00ebndetin dhe mir\u00ebqenien ton\u00eb individuale, [&hellip;]<\/p>\n","protected":false},"author":2,"featured_media":5347,"comment_status":"open","ping_status":"open","sticky":false,"template":"","format":"standard","meta":{"footnotes":""},"categories":[14,13,10],"tags":[],"class_list":{"0":"post-5346","1":"post","2":"type-post","3":"status-publish","4":"format-standard","5":"has-post-thumbnail","7":"category-blog","8":"category-news-experts","9":"category-nutrition"},"yoast_head":"<!-- This site is optimized with the Yoast SEO plugin v23.9 - https:\/\/yoast.com\/wordpress\/plugins\/seo\/ -->\n<title>Pse duhet t`i bashkoheni webinar-it t\u00eb dat\u00ebs 7 korrik - Health Mag<\/title>\n<meta name=\"robots\" content=\"index, follow, max-snippet:-1, max-image-preview:large, max-video-preview:-1\" \/>\n<link rel=\"canonical\" href=\"https:\/\/healthmag.al\/index.php\/2023\/06\/29\/pse-duhet-ti-bashkoheni-webinar-it-te-dates-7-korrik\/\" \/>\n<meta property=\"og:locale\" content=\"en_US\" \/>\n<meta property=\"og:type\" content=\"article\" \/>\n<meta property=\"og:title\" content=\"Pse duhet t`i bashkoheni webinar-it t\u00eb dat\u00ebs 7 korrik - Health Mag\" \/>\n<meta property=\"og:description\" content=\"Me dat\u00ebn 7 korrik n\u00eb or\u00ebn 10:00 Qendra Annuk organizon webinarin me tem\u00ebn &#8220;Menaxhimi i regjimit ushqimor: Domosdoshm\u00ebri apo trend&#8221;!\u00a0 N\u00eb k\u00ebt\u00eb webinar, do t\u00eb flitet p\u00ebr m\u00ebnyr\u00ebn e t\u00eb ushqyerit dhe ndikimin e saj n\u00eb jet\u00ebn ton\u00eb. Si\u00e7 e dim\u00eb,\u00a0M\u00ebnyra se si ne ushqehemi jo vet\u00ebm q\u00eb ndikon n\u00eb sh\u00ebndetin dhe mir\u00ebqenien ton\u00eb individuale, [&hellip;]\" \/>\n<meta property=\"og:url\" content=\"https:\/\/healthmag.al\/index.php\/2023\/06\/29\/pse-duhet-ti-bashkoheni-webinar-it-te-dates-7-korrik\/\" \/>\n<meta property=\"og:site_name\" content=\"Health Mag\" \/>\n<meta property=\"article:published_time\" content=\"2023-06-29T11:07:52+00:00\" \/>\n<meta property=\"og:image\" content=\"https:\/\/healthmag.al\/wp-content\/uploads\/2023\/06\/Copy-of-annuk-1024x724.png\" \/>\n\t<meta property=\"og:image:width\" content=\"1024\" \/>\n\t<meta property=\"og:image:height\" content=\"724\" \/>\n\t<meta property=\"og:image:type\" content=\"image\/png\" \/>\n<meta name=\"author\" content=\"Health Mag\" \/>\n<meta name=\"twitter:card\" content=\"summary_large_image\" \/>\n<meta name=\"twitter:label1\" content=\"Written by\" \/>\n\t<meta name=\"twitter:data1\" content=\"Health Mag\" \/>\n\t<meta name=\"twitter:label2\" content=\"Est. reading time\" \/>\n\t<meta name=\"twitter:data2\" content=\"2 minutes\" \/>\n<script type=\"application\/ld+json\" class=\"yoast-schema-graph\">{\"@context\":\"https:\/\/schema.org\",\"@graph\":[{\"@type\":\"WebPage\",\"@id\":\"https:\/\/healthmag.al\/index.php\/2023\/06\/29\/pse-duhet-ti-bashkoheni-webinar-it-te-dates-7-korrik\/\",\"url\":\"https:\/\/healthmag.al\/index.php\/2023\/06\/29\/pse-duhet-ti-bashkoheni-webinar-it-te-dates-7-korrik\/\",\"name\":\"Pse duhet t`i bashkoheni webinar-it t\u00eb dat\u00ebs 7 korrik - Health Mag\",\"isPartOf\":{\"@id\":\"https:\/\/healthmag.al\/#website\"},\"primaryImageOfPage\":{\"@id\":\"https:\/\/healthmag.al\/index.php\/2023\/06\/29\/pse-duhet-ti-bashkoheni-webinar-it-te-dates-7-korrik\/#primaryimage\"},\"image\":{\"@id\":\"https:\/\/healthmag.al\/index.php\/2023\/06\/29\/pse-duhet-ti-bashkoheni-webinar-it-te-dates-7-korrik\/#primaryimage\"},\"thumbnailUrl\":\"https:\/\/healthmag.al\/wp-content\/uploads\/2023\/06\/Copy-of-annuk.png\",\"datePublished\":\"2023-06-29T11:07:52+00:00\",\"dateModified\":\"2023-06-29T11:07:52+00:00\",\"author\":{\"@id\":\"https:\/\/healthmag.al\/#\/schema\/person\/90da6e0828806bd8547a8a18ec43a4dd\"},\"breadcrumb\":{\"@id\":\"https:\/\/healthmag.al\/index.php\/2023\/06\/29\/pse-duhet-ti-bashkoheni-webinar-it-te-dates-7-korrik\/#breadcrumb\"},\"inLanguage\":\"en-US\",\"potentialAction\":[{\"@type\":\"ReadAction\",\"target\":[\"https:\/\/healthmag.al\/index.php\/2023\/06\/29\/pse-duhet-ti-bashkoheni-webinar-it-te-dates-7-korrik\/\"]}]},{\"@type\":\"ImageObject\",\"inLanguage\":\"en-US\",\"@id\":\"https:\/\/healthmag.al\/index.php\/2023\/06\/29\/pse-duhet-ti-bashkoheni-webinar-it-te-dates-7-korrik\/#primaryimage\",\"url\":\"https:\/\/healthmag.al\/wp-content\/uploads\/2023\/06\/Copy-of-annuk.png\",\"contentUrl\":\"https:\/\/healthmag.al\/wp-content\/uploads\/2023\/06\/Copy-of-annuk.png\",\"width\":2245,\"height\":1587},{\"@type\":\"BreadcrumbList\",\"@id\":\"https:\/\/healthmag.al\/index.php\/2023\/06\/29\/pse-duhet-ti-bashkoheni-webinar-it-te-dates-7-korrik\/#breadcrumb\",\"itemListElement\":[{\"@type\":\"ListItem\",\"position\":1,\"name\":\"Home\",\"item\":\"https:\/\/healthmag.al\/\"},{\"@type\":\"ListItem\",\"position\":2,\"name\":\"Pse duhet t`i bashkoheni webinar-it t\u00eb dat\u00ebs 7 korrik\"}]},{\"@type\":\"WebSite\",\"@id\":\"https:\/\/healthmag.al\/#website\",\"url\":\"https:\/\/healthmag.al\/\",\"name\":\"Health Mag\",\"description\":\"Gjith\u00e7ka rreth sh\u00ebndetit\",\"potentialAction\":[{\"@type\":\"SearchAction\",\"target\":{\"@type\":\"EntryPoint\",\"urlTemplate\":\"https:\/\/healthmag.al\/?s={search_term_string}\"},\"query-input\":{\"@type\":\"PropertyValueSpecification\",\"valueRequired\":true,\"valueName\":\"search_term_string\"}}],\"inLanguage\":\"en-US\"},{\"@type\":\"Person\",\"@id\":\"https:\/\/healthmag.al\/#\/schema\/person\/90da6e0828806bd8547a8a18ec43a4dd\",\"name\":\"Health Mag\",\"image\":{\"@type\":\"ImageObject\",\"inLanguage\":\"en-US\",\"@id\":\"https:\/\/healthmag.al\/#\/schema\/person\/image\/\",\"url\":\"https:\/\/secure.gravatar.com\/avatar\/2bf3ac7a92b5b85abfc677beb1be5632c23ecdfd3f8aeddb1cbb6dce5aae1f50?s=96&d=mm&r=g\",\"contentUrl\":\"https:\/\/secure.gravatar.com\/avatar\/2bf3ac7a92b5b85abfc677beb1be5632c23ecdfd3f8aeddb1cbb6dce5aae1f50?s=96&d=mm&r=g\",\"caption\":\"Health Mag\"},\"sameAs\":[\"https:\/\/healthmag.al\/\"],\"url\":\"https:\/\/healthmag.al\/index.php\/author\/healthmag1\/\"}]}<\/script>\n<!-- \/ Yoast SEO plugin. -->","yoast_head_json":{"title":"Pse duhet t`i bashkoheni webinar-it t\u00eb dat\u00ebs 7 korrik - Health Mag","robots":{"index":"index","follow":"follow","max-snippet":"max-snippet:-1","max-image-preview":"max-image-preview:large","max-video-preview":"max-video-preview:-1"},"canonical":"https:\/\/healthmag.al\/index.php\/2023\/06\/29\/pse-duhet-ti-bashkoheni-webinar-it-te-dates-7-korrik\/","og_locale":"en_US","og_type":"article","og_title":"Pse duhet t`i bashkoheni webinar-it t\u00eb dat\u00ebs 7 korrik - Health Mag","og_description":"Me dat\u00ebn 7 korrik n\u00eb or\u00ebn 10:00 Qendra Annuk organizon webinarin me tem\u00ebn &#8220;Menaxhimi i regjimit ushqimor: Domosdoshm\u00ebri apo trend&#8221;!\u00a0 N\u00eb k\u00ebt\u00eb webinar, do t\u00eb flitet p\u00ebr m\u00ebnyr\u00ebn e t\u00eb ushqyerit dhe ndikimin e saj n\u00eb jet\u00ebn ton\u00eb. Si\u00e7 e dim\u00eb,\u00a0M\u00ebnyra se si ne ushqehemi jo vet\u00ebm q\u00eb ndikon n\u00eb sh\u00ebndetin dhe mir\u00ebqenien ton\u00eb individuale, [&hellip;]","og_url":"https:\/\/healthmag.al\/index.php\/2023\/06\/29\/pse-duhet-ti-bashkoheni-webinar-it-te-dates-7-korrik\/","og_site_name":"Health Mag","article_published_time":"2023-06-29T11:07:52+00:00","og_image":[{"width":1024,"height":724,"url":"https:\/\/healthmag.al\/wp-content\/uploads\/2023\/06\/Copy-of-annuk-1024x724.png","type":"image\/png"}],"author":"Health Mag","twitter_card":"summary_large_image","twitter_misc":{"Written by":"Health Mag","Est. reading time":"2 minutes"},"schema":{"@context":"https:\/\/schema.org","@graph":[{"@type":"WebPage","@id":"https:\/\/healthmag.al\/index.php\/2023\/06\/29\/pse-duhet-ti-bashkoheni-webinar-it-te-dates-7-korrik\/","url":"https:\/\/healthmag.al\/index.php\/2023\/06\/29\/pse-duhet-ti-bashkoheni-webinar-it-te-dates-7-korrik\/","name":"Pse duhet t`i bashkoheni webinar-it t\u00eb dat\u00ebs 7 korrik - Health Mag","isPartOf":{"@id":"https:\/\/healthmag.al\/#website"},"primaryImageOfPage":{"@id":"https:\/\/healthmag.al\/index.php\/2023\/06\/29\/pse-duhet-ti-bashkoheni-webinar-it-te-dates-7-korrik\/#primaryimage"},"image":{"@id":"https:\/\/healthmag.al\/index.php\/2023\/06\/29\/pse-duhet-ti-bashkoheni-webinar-it-te-dates-7-korrik\/#primaryimage"},"thumbnailUrl":"https:\/\/healthmag.al\/wp-content\/uploads\/2023\/06\/Copy-of-annuk.png","datePublished":"2023-06-29T11:07:52+00:00","dateModified":"2023-06-29T11:07:52+00:00","author":{"@id":"https:\/\/healthmag.al\/#\/schema\/person\/90da6e0828806bd8547a8a18ec43a4dd"},"breadcrumb":{"@id":"https:\/\/healthmag.al\/index.php\/2023\/06\/29\/pse-duhet-ti-bashkoheni-webinar-it-te-dates-7-korrik\/#breadcrumb"},"inLanguage":"en-US","potentialAction":[{"@type":"ReadAction","target":["https:\/\/healthmag.al\/index.php\/2023\/06\/29\/pse-duhet-ti-bashkoheni-webinar-it-te-dates-7-korrik\/"]}]},{"@type":"ImageObject","inLanguage":"en-US","@id":"https:\/\/healthmag.al\/index.php\/2023\/06\/29\/pse-duhet-ti-bashkoheni-webinar-it-te-dates-7-korrik\/#primaryimage","url":"https:\/\/healthmag.al\/wp-content\/uploads\/2023\/06\/Copy-of-annuk.png","contentUrl":"https:\/\/healthmag.al\/wp-content\/uploads\/2023\/06\/Copy-of-annuk.png","width":2245,"height":1587},{"@type":"BreadcrumbList","@id":"https:\/\/healthmag.al\/index.php\/2023\/06\/29\/pse-duhet-ti-bashkoheni-webinar-it-te-dates-7-korrik\/#breadcrumb","itemListElement":[{"@type":"ListItem","position":1,"name":"Home","item":"https:\/\/healthmag.al\/"},{"@type":"ListItem","position":2,"name":"Pse duhet t`i bashkoheni webinar-it t\u00eb dat\u00ebs 7 korrik"}]},{"@type":"WebSite","@id":"https:\/\/healthmag.al\/#website","url":"https:\/\/healthmag.al\/","name":"Health Mag","description":"Gjith\u00e7ka rreth sh\u00ebndetit","potentialAction":[{"@type":"SearchAction","target":{"@type":"EntryPoint","urlTemplate":"https:\/\/healthmag.al\/?s={search_term_string}"},"query-input":{"@type":"PropertyValueSpecification","valueRequired":true,"valueName":"search_term_string"}}],"inLanguage":"en-US"},{"@type":"Person","@id":"https:\/\/healthmag.al\/#\/schema\/person\/90da6e0828806bd8547a8a18ec43a4dd","name":"Health Mag","image":{"@type":"ImageObject","inLanguage":"en-US","@id":"https:\/\/healthmag.al\/#\/schema\/person\/image\/","url":"https:\/\/secure.gravatar.com\/avatar\/2bf3ac7a92b5b85abfc677beb1be5632c23ecdfd3f8aeddb1cbb6dce5aae1f50?s=96&d=mm&r=g","contentUrl":"https:\/\/secure.gravatar.com\/avatar\/2bf3ac7a92b5b85abfc677beb1be5632c23ecdfd3f8aeddb1cbb6dce5aae1f50?s=96&d=mm&r=g","caption":"Health Mag"},"sameAs":["https:\/\/healthmag.al\/"],"url":"https:\/\/healthmag.al\/index.php\/author\/healthmag1\/"}]}},"_links":{"self":[{"href":"https:\/\/healthmag.al\/index.php\/wp-json\/wp\/v2\/posts\/5346","targetHints":{"allow":["GET"]}}],"collection":[{"href":"https:\/\/healthmag.al\/index.php\/wp-json\/wp\/v2\/posts"}],"about":[{"href":"https:\/\/healthmag.al\/index.php\/wp-json\/wp\/v2\/types\/post"}],"author":[{"embeddable":true,"href":"https:\/\/healthmag.al\/index.php\/wp-json\/wp\/v2\/users\/2"}],"replies":[{"embeddable":true,"href":"https:\/\/healthmag.al\/index.php\/wp-json\/wp\/v2\/comments?post=5346"}],"version-history":[{"count":1,"href":"https:\/\/healthmag.al\/index.php\/wp-json\/wp\/v2\/posts\/5346\/revisions"}],"predecessor-version":[{"id":5348,"href":"https:\/\/healthmag.al\/index.php\/wp-json\/wp\/v2\/posts\/5346\/revisions\/5348"}],"wp:featuredmedia":[{"embeddable":true,"href":"https:\/\/healthmag.al\/index.php\/wp-json\/wp\/v2\/media\/5347"}],"wp:attachment":[{"href":"https:\/\/healthmag.al\/index.php\/wp-json\/wp\/v2\/media?parent=5346"}],"wp:term":[{"taxonomy":"category","embeddable":true,"href":"https:\/\/healthmag.al\/index.php\/wp-json\/wp\/v2\/categories?post=5346"},{"taxonomy":"post_tag","embeddable":true,"href":"https:\/\/healthmag.al\/index.php\/wp-json\/wp\/v2\/tags?post=5346"}],"curies":[{"name":"wp","href":"https:\/\/api.w.org\/{rel}","templated":true}]}}